
{"id":16714,"date":"2025-05-14T11:06:12","date_gmt":"2025-05-14T09:06:12","guid":{"rendered":"https:\/\/www.blugiallo.it\/?p=16714"},"modified":"2025-05-14T11:06:12","modified_gmt":"2025-05-14T09:06:12","slug":"visita-guidata-al-giardino-degli-aranci-e-roseto","status":"publish","type":"post","link":"http:\/\/www.blugiallo.it\/?p=16714","title":{"rendered":"Visita Guidata Al Giardino degli Aranci e Roseto"},"content":{"rendered":"<p><strong>Il Giardino degli Aranci e Roseto<\/strong><\/p>\n<div class=\"xdj266r x11i5rnm xat24cr x1mh8g0r x1vvkbs\">Appuntamento Domenica 25 maggio ore 17.15 in Via Clivio dei Publicii, 3, Roma (Ingresso Roseto Comunale) con la <strong>Storica dell&#8217;arte Silvia Felli<\/strong>.<\/div>\n<div><\/div>\n<div class=\"x11i5rnm xat24cr x1mh8g0r x1vvkbs xtlvy1s\"><em><strong>Per Adulti e bambini.<\/strong><\/em><span class=\"html-span xexx8yu x4uap5 x18d9i69 xkhd6sd x1hl2dhg x16tdsg8 x1vvkbs x3nfvp2 x1j61x8r x1fcty0u xdj266r xat24cr xgzva0m xhhsvwb xxymvpz xlup9mm x1kky2od\"><img loading=\"lazy\" decoding=\"async\" class=\"xz74otr x168nmei x13lgxp2 x5pf9jr xo71vjh\" src=\"https:\/\/static.xx.fbcdn.net\/images\/emoji.php\/v9\/t83\/1\/16\/1f60e.png\" alt=\"\ud83d\ude0e\" width=\"16\" height=\"16\" \/><\/span><span class=\"html-span xexx8yu x4uap5 x18d9i69 xkhd6sd x1hl2dhg x16tdsg8 x1vvkbs x3nfvp2 x1j61x8r x1fcty0u xdj266r xat24cr xgzva0m xhhsvwb xxymvpz xlup9mm x1kky2od\"><img loading=\"lazy\" decoding=\"async\" class=\"xz74otr x168nmei x13lgxp2 x5pf9jr xo71vjh\" src=\"https:\/\/static.xx.fbcdn.net\/images\/emoji.php\/v9\/t89\/1\/16\/1f463.png\" alt=\"\ud83d\udc63\" width=\"16\" height=\"16\" \/><\/span><\/div>\n<div><strong>Durata:<\/strong> 2 ore<\/div>\n<div><\/div>\n<div class=\"x11i5rnm xat24cr x1mh8g0r x1vvkbs xtlvy1s\"><strong><em>Una visita suggestiva che ci inebrier\u00e0 di profumi, arte e bellezza!<\/em><\/strong><br class=\"html-br\" \/><em>Partiremo dal famoso Roseto di Roma, alle pendici del colle Aventino, immerso in uno scenario mozzafiato. Poi proseguiremo la visita raggiungendo uno degli angoli pi\u00f9 nascosti e magici della nostra meravigliosa citt\u00e0: il Giardino degli Aranci, luogo che ci regaler\u00e0 una delle viste pi\u00f9 spettacolari su tutta Roma!\u00a0<span class=\"html-span xexx8yu x4uap5 x18d9i69 xkhd6sd x1hl2dhg x16tdsg8 x1vvkbs x3nfvp2 x1j61x8r x1fcty0u xdj266r xat24cr xgzva0m xhhsvwb xxymvpz xlup9mm x1kky2od\"><img loading=\"lazy\" decoding=\"async\" class=\"xz74otr x168nmei x13lgxp2 x5pf9jr xo71vjh\" src=\"https:\/\/static.xx.fbcdn.net\/images\/emoji.php\/v9\/tbb\/1\/16\/1f98b.png\" alt=\"\ud83e\udd8b\" width=\"16\" height=\"16\" \/><\/span><\/em><\/div>\n<div><\/div>\n<div class=\"x11i5rnm xat24cr x1mh8g0r x1vvkbs xtlvy1s\">La passeggiata si svolger\u00e0 al tramonto, offrendo un\u2019esperienza emozionante per adulti e bambini, unendo storia, arte, curiosit\u00e0 e botanica!\u00a0<span class=\"html-span xexx8yu x4uap5 x18d9i69 xkhd6sd x1hl2dhg x16tdsg8 x1vvkbs x3nfvp2 x1j61x8r x1fcty0u xdj266r xat24cr xgzva0m xhhsvwb xxymvpz xlup9mm x1kky2od\"><img loading=\"lazy\" decoding=\"async\" class=\"xz74otr x168nmei x13lgxp2 x5pf9jr xo71vjh\" src=\"https:\/\/static.xx.fbcdn.net\/images\/emoji.php\/v9\/t58\/1\/16\/1f929.png\" alt=\"\ud83e\udd29\" width=\"16\" height=\"16\" \/><\/span><\/div>\n<div><\/div>\n<div class=\"x11i5rnm xat24cr x1mh8g0r x1vvkbs xtlvy1s\"><strong>Contributo:<\/strong><br class=\"html-br\" \/>\u20ac10.00 a persona<br class=\"html-br\" \/>\u20ac25.00 famiglia (2 adulti + bimbo\/a) +\u20ac5,00 ogni bambino\/a in pi\u00f9.<\/div>\n<div><\/div>\n<div class=\"x11i5rnm xat24cr x1mh8g0r x1vvkbs xtlvy1s\">Per info e prenotazioni:<br class=\"html-br\" \/><span class=\"html-span xexx8yu x4uap5 x18d9i69 xkhd6sd x1hl2dhg x16tdsg8 x1vvkbs x3nfvp2 x1j61x8r x1fcty0u xdj266r xat24cr xgzva0m xhhsvwb xxymvpz xlup9mm x1kky2od\"><img loading=\"lazy\" decoding=\"async\" class=\"xz74otr x168nmei x13lgxp2 x5pf9jr xo71vjh\" src=\"https:\/\/static.xx.fbcdn.net\/images\/emoji.php\/v9\/tbe\/1\/16\/1f4e7.png\" alt=\"\ud83d\udce7\" width=\"16\" height=\"16\" \/><\/span>info@blugiallo.it<br class=\"html-br\" \/><span class=\"html-span xexx8yu x4uap5 x18d9i69 xkhd6sd x1hl2dhg x16tdsg8 x1vvkbs x3nfvp2 x1j61x8r x1fcty0u xdj266r xat24cr xgzva0m xhhsvwb xxymvpz xlup9mm x1kky2od\"><img loading=\"lazy\" decoding=\"async\" class=\"xz74otr x168nmei x13lgxp2 x5pf9jr xo71vjh\" src=\"https:\/\/static.xx.fbcdn.net\/images\/emoji.php\/v9\/t22\/1\/16\/260e.png\" alt=\"\u260e\ufe0f\" width=\"16\" height=\"16\" \/><\/span>349 083 8343 Mostra meno<\/div>\n","protected":false},"excerpt":{"rendered":"<p>Il Giardino degli Aranci e Roseto Appuntamento Domenica 25 maggio ore 17.15 in Via Clivio dei Publicii, 3, Roma (Ingresso Roseto Comunale) con la Storica dell&#8217;arte Silvia Felli. Per Adulti e bambini. Durata: 2 ore Una visita suggestiva che ci inebrier\u00e0 di profumi, arte e&#8230;<\/p>\n","protected":false},"author":1,"featured_media":16715,"comment_status":"open","ping_status":"open","sticky":false,"template":"","format":"standard","meta":{"_monsterinsights_skip_tracking":false,"_monsterinsights_sitenote_active":false,"_monsterinsights_sitenote_note":"","_monsterinsights_sitenote_category":0,"footnotes":""},"categories":[1],"tags":[185,188,13,236,189,195,197,14,15,25,35,303,311,312,84,148,220,224],"class_list":["post-16714","post","type-post","status-publish","format-standard","has-post-thumbnail","hentry","category-senza-categoria","tag-arte","tag-arte-bambini","tag-attivita-allaperto","tag-attivita-genitori-e-figli","tag-attivita-genitori-figli","tag-attivita-per-bambini","tag-attivita-per-bambini-roma","tag-bambini-allaperto","tag-bambini-creativi","tag-blugiallo-eventi","tag-blugiallo-roma","tag-guide-turistiche","tag-il-giardino-degli-aranci","tag-il-roseto-roma","tag-incontri-blugiallo","tag-proposte-blugiallo","tag-visite-guidate","tag-visite-guidate-roma"],"yoast_head":"<!-- This site is optimized with the Yoast SEO plugin v17.3 - https:\/\/yoast.com\/wordpress\/plugins\/seo\/ -->\r\n<title>Visita Guidata Al Giardino degli Aranci e Roseto - Blugiallo<\/title>\r\n<meta name=\"robots\" content=\"index, follow, max-snippet:-1, max-image-preview:large, max-video-preview:-1\" \/>\r\n<link rel=\"canonical\" href=\"http:\/\/www.blugiallo.it\/?p=16714\" \/>\r\n<meta property=\"og:locale\" content=\"it_IT\" \/>\r\n<meta property=\"og:type\" content=\"article\" \/>\r\n<meta property=\"og:title\" content=\"Visita Guidata Al Giardino degli Aranci e Roseto - Blugiallo\" \/>\r\n<meta property=\"og:description\" content=\"Il Giardino degli Aranci e Roseto Appuntamento Domenica 25 maggio ore 17.15 in Via Clivio dei Publicii, 3, Roma (Ingresso Roseto Comunale) con la Storica dell&#8217;arte Silvia Felli. Per Adulti e bambini. Durata: 2 ore Una visita suggestiva che ci inebrier\u00e0 di profumi, arte e...\" \/>\r\n<meta property=\"og:url\" content=\"http:\/\/www.blugiallo.it\/?p=16714\" \/>\r\n<meta property=\"og:site_name\" content=\"Blugiallo\" \/>\r\n<meta property=\"article:published_time\" content=\"2025-05-14T09:06:12+00:00\" \/>\r\n<meta property=\"og:image\" content=\"https:\/\/www.blugiallo.it\/wp-content\/uploads\/2025\/05\/IMG-20250513-WA0009.jpg\" \/>\r\n\t<meta property=\"og:image:width\" content=\"1126\" \/>\r\n\t<meta property=\"og:image:height\" content=\"1600\" \/>\r\n<meta name=\"twitter:card\" content=\"summary_large_image\" \/>\r\n<meta name=\"twitter:label1\" content=\"Scritto da\" \/>\n\t<meta name=\"twitter:data1\" content=\"ngconsulenze@gmail.com\" \/>\n\t<meta name=\"twitter:label2\" content=\"Tempo di lettura stimato\" \/>\n\t<meta name=\"twitter:data2\" content=\"1 minuto\" \/>\r\n<script type=\"application\/ld+json\" class=\"yoast-schema-graph\">{\"@context\":\"https:\/\/schema.org\",\"@graph\":[{\"@type\":\"WebSite\",\"@id\":\"http:\/\/www.blugiallo.it\/#website\",\"url\":\"http:\/\/www.blugiallo.it\/\",\"name\":\"Blugiallo\",\"description\":\"\",\"potentialAction\":[{\"@type\":\"SearchAction\",\"target\":{\"@type\":\"EntryPoint\",\"urlTemplate\":\"http:\/\/www.blugiallo.it\/?s={search_term_string}\"},\"query-input\":\"required name=search_term_string\"}],\"inLanguage\":\"it-IT\"},{\"@type\":\"ImageObject\",\"@id\":\"http:\/\/www.blugiallo.it\/?p=16714#primaryimage\",\"inLanguage\":\"it-IT\",\"url\":\"http:\/\/www.blugiallo.it\/wp-content\/uploads\/2025\/05\/IMG-20250513-WA0009.jpg\",\"contentUrl\":\"http:\/\/www.blugiallo.it\/wp-content\/uploads\/2025\/05\/IMG-20250513-WA0009.jpg\",\"width\":1126,\"height\":1600},{\"@type\":\"WebPage\",\"@id\":\"http:\/\/www.blugiallo.it\/?p=16714#webpage\",\"url\":\"http:\/\/www.blugiallo.it\/?p=16714\",\"name\":\"Visita Guidata Al Giardino degli Aranci e Roseto - Blugiallo\",\"isPartOf\":{\"@id\":\"http:\/\/www.blugiallo.it\/#website\"},\"primaryImageOfPage\":{\"@id\":\"http:\/\/www.blugiallo.it\/?p=16714#primaryimage\"},\"datePublished\":\"2025-05-14T09:06:12+00:00\",\"dateModified\":\"2025-05-14T09:06:12+00:00\",\"author\":{\"@id\":\"http:\/\/www.blugiallo.it\/#\/schema\/person\/d2347bb79ed16f7ab88005a089897d35\"},\"breadcrumb\":{\"@id\":\"http:\/\/www.blugiallo.it\/?p=16714#breadcrumb\"},\"inLanguage\":\"it-IT\",\"potentialAction\":[{\"@type\":\"ReadAction\",\"target\":[\"http:\/\/www.blugiallo.it\/?p=16714\"]}]},{\"@type\":\"BreadcrumbList\",\"@id\":\"http:\/\/www.blugiallo.it\/?p=16714#breadcrumb\",\"itemListElement\":[{\"@type\":\"ListItem\",\"position\":1,\"name\":\"Home\",\"item\":\"http:\/\/www.blugiallo.it\/\"},{\"@type\":\"ListItem\",\"position\":2,\"name\":\"Visita Guidata Al Giardino degli Aranci e Roseto\"}]},{\"@type\":\"Person\",\"@id\":\"http:\/\/www.blugiallo.it\/#\/schema\/person\/d2347bb79ed16f7ab88005a089897d35\",\"name\":\"ngconsulenze@gmail.com\",\"image\":{\"@type\":\"ImageObject\",\"@id\":\"http:\/\/www.blugiallo.it\/#personlogo\",\"inLanguage\":\"it-IT\",\"url\":\"https:\/\/secure.gravatar.com\/avatar\/e26a2eeeea7c922128fb4e959bca85e517d3820bbe192cdac0f8c4fcc26886b1?s=96&d=mm&r=g\",\"contentUrl\":\"https:\/\/secure.gravatar.com\/avatar\/e26a2eeeea7c922128fb4e959bca85e517d3820bbe192cdac0f8c4fcc26886b1?s=96&d=mm&r=g\",\"caption\":\"ngconsulenze@gmail.com\"},\"sameAs\":[\"https:\/\/www.blugiallo.it\"],\"url\":\"http:\/\/www.blugiallo.it\/?author=1\"}]}<\/script>\r\n<!-- \/ Yoast SEO plugin. -->","yoast_head_json":{"title":"Visita Guidata Al Giardino degli Aranci e Roseto - Blugiallo","robots":{"index":"index","follow":"follow","max-snippet":"max-snippet:-1","max-image-preview":"max-image-preview:large","max-video-preview":"max-video-preview:-1"},"canonical":"http:\/\/www.blugiallo.it\/?p=16714","og_locale":"it_IT","og_type":"article","og_title":"Visita Guidata Al Giardino degli Aranci e Roseto - Blugiallo","og_description":"Il Giardino degli Aranci e Roseto Appuntamento Domenica 25 maggio ore 17.15 in Via Clivio dei Publicii, 3, Roma (Ingresso Roseto Comunale) con la Storica dell&#8217;arte Silvia Felli. Per Adulti e bambini. Durata: 2 ore Una visita suggestiva che ci inebrier\u00e0 di profumi, arte e...","og_url":"http:\/\/www.blugiallo.it\/?p=16714","og_site_name":"Blugiallo","article_published_time":"2025-05-14T09:06:12+00:00","og_image":[{"width":1126,"height":1600,"url":"https:\/\/www.blugiallo.it\/wp-content\/uploads\/2025\/05\/IMG-20250513-WA0009.jpg","type":"image\/jpeg"}],"twitter_card":"summary_large_image","twitter_misc":{"Scritto da":"ngconsulenze@gmail.com","Tempo di lettura stimato":"1 minuto"},"schema":{"@context":"https:\/\/schema.org","@graph":[{"@type":"WebSite","@id":"http:\/\/www.blugiallo.it\/#website","url":"http:\/\/www.blugiallo.it\/","name":"Blugiallo","description":"","potentialAction":[{"@type":"SearchAction","target":{"@type":"EntryPoint","urlTemplate":"http:\/\/www.blugiallo.it\/?s={search_term_string}"},"query-input":"required name=search_term_string"}],"inLanguage":"it-IT"},{"@type":"ImageObject","@id":"http:\/\/www.blugiallo.it\/?p=16714#primaryimage","inLanguage":"it-IT","url":"http:\/\/www.blugiallo.it\/wp-content\/uploads\/2025\/05\/IMG-20250513-WA0009.jpg","contentUrl":"http:\/\/www.blugiallo.it\/wp-content\/uploads\/2025\/05\/IMG-20250513-WA0009.jpg","width":1126,"height":1600},{"@type":"WebPage","@id":"http:\/\/www.blugiallo.it\/?p=16714#webpage","url":"http:\/\/www.blugiallo.it\/?p=16714","name":"Visita Guidata Al Giardino degli Aranci e Roseto - Blugiallo","isPartOf":{"@id":"http:\/\/www.blugiallo.it\/#website"},"primaryImageOfPage":{"@id":"http:\/\/www.blugiallo.it\/?p=16714#primaryimage"},"datePublished":"2025-05-14T09:06:12+00:00","dateModified":"2025-05-14T09:06:12+00:00","author":{"@id":"http:\/\/www.blugiallo.it\/#\/schema\/person\/d2347bb79ed16f7ab88005a089897d35"},"breadcrumb":{"@id":"http:\/\/www.blugiallo.it\/?p=16714#breadcrumb"},"inLanguage":"it-IT","potentialAction":[{"@type":"ReadAction","target":["http:\/\/www.blugiallo.it\/?p=16714"]}]},{"@type":"BreadcrumbList","@id":"http:\/\/www.blugiallo.it\/?p=16714#breadcrumb","itemListElement":[{"@type":"ListItem","position":1,"name":"Home","item":"http:\/\/www.blugiallo.it\/"},{"@type":"ListItem","position":2,"name":"Visita Guidata Al Giardino degli Aranci e Roseto"}]},{"@type":"Person","@id":"http:\/\/www.blugiallo.it\/#\/schema\/person\/d2347bb79ed16f7ab88005a089897d35","name":"ngconsulenze@gmail.com","image":{"@type":"ImageObject","@id":"http:\/\/www.blugiallo.it\/#personlogo","inLanguage":"it-IT","url":"https:\/\/secure.gravatar.com\/avatar\/e26a2eeeea7c922128fb4e959bca85e517d3820bbe192cdac0f8c4fcc26886b1?s=96&d=mm&r=g","contentUrl":"https:\/\/secure.gravatar.com\/avatar\/e26a2eeeea7c922128fb4e959bca85e517d3820bbe192cdac0f8c4fcc26886b1?s=96&d=mm&r=g","caption":"ngconsulenze@gmail.com"},"sameAs":["https:\/\/www.blugiallo.it"],"url":"http:\/\/www.blugiallo.it\/?author=1"}]}},"_links":{"self":[{"href":"http:\/\/www.blugiallo.it\/index.php?rest_route=\/wp\/v2\/posts\/16714","targetHints":{"allow":["GET"]}}],"collection":[{"href":"http:\/\/www.blugiallo.it\/index.php?rest_route=\/wp\/v2\/posts"}],"about":[{"href":"http:\/\/www.blugiallo.it\/index.php?rest_route=\/wp\/v2\/types\/post"}],"author":[{"embeddable":true,"href":"http:\/\/www.blugiallo.it\/index.php?rest_route=\/wp\/v2\/users\/1"}],"replies":[{"embeddable":true,"href":"http:\/\/www.blugiallo.it\/index.php?rest_route=%2Fwp%2Fv2%2Fcomments&post=16714"}],"version-history":[{"count":5,"href":"http:\/\/www.blugiallo.it\/index.php?rest_route=\/wp\/v2\/posts\/16714\/revisions"}],"predecessor-version":[{"id":16720,"href":"http:\/\/www.blugiallo.it\/index.php?rest_route=\/wp\/v2\/posts\/16714\/revisions\/16720"}],"wp:featuredmedia":[{"embeddable":true,"href":"http:\/\/www.blugiallo.it\/index.php?rest_route=\/wp\/v2\/media\/16715"}],"wp:attachment":[{"href":"http:\/\/www.blugiallo.it\/index.php?rest_route=%2Fwp%2Fv2%2Fmedia&parent=16714"}],"wp:term":[{"taxonomy":"category","embeddable":true,"href":"http:\/\/www.blugiallo.it\/index.php?rest_route=%2Fwp%2Fv2%2Fcategories&post=16714"},{"taxonomy":"post_tag","embeddable":true,"href":"http:\/\/www.blugiallo.it\/index.php?rest_route=%2Fwp%2Fv2%2Ftags&post=16714"}],"curies":[{"name":"wp","href":"https:\/\/api.w.org\/{rel}","templated":true}]}}